{"id":6503,"date":"2026-05-01T20:33:12","date_gmt":"2026-05-01T20:33:12","guid":{"rendered":"https:\/\/negociosemexame.ao\/?p=6503"},"modified":"2026-05-01T20:33:12","modified_gmt":"2026-05-01T20:33:12","slug":"empresarios-australianos-interessados-na-gestao-do-terminal-do-caio","status":"publish","type":"post","link":"https:\/\/negociosemexame.ao\/index.php\/2026\/05\/01\/empresarios-australianos-interessados-na-gestao-do-terminal-do-caio\/","title":{"rendered":"Empres\u00e1rios australianos interessados na gest\u00e3o do Terminal do Caio"},"content":{"rendered":"\n<p>Empres\u00e1rios australianos mostraram-se interessados na gest\u00e3o do Terminal de \u00c1guas Profundas do Caio, em Cabinda, avan\u00e7a uma nota que tivemos acesso.<\/p>\n\n\n\n<p>O interesse resulta do recente concurso internacional lan\u00e7ado pelo Minist\u00e9rio dos Transportes que visa encontrar um operador para aquela infra-estrutura.<\/p>\n\n\n\n<p>Na ocasi\u00e3o, o embaixador Ant\u00f3nio Luvualu de Carvalho, que se encontra em miss\u00e3o de servi\u00e7o em Melbourne, recebeu altos executivos do Grupo BEACON e da C\u00e2mara de Com\u00e9rcio Austr\u00e1lia-\u00c1frica, para a apresenta\u00e7\u00e3o da documenta\u00e7\u00e3o publicada do referido concurso.<\/p>\n\n\n\n<p>O diplomata aproveitou a ocasi\u00e3o para real\u00e7ar a import\u00e2ncia geoestrat\u00e9gica do Terminal do Caio em Cabinda, situado na regi\u00e3o do Oceano Atl\u00e2ntico, que permite &#8220;o r\u00e1pido acesso \u00e0 \u00c1frica Central, por via da Rep\u00fablica do Congo e da Democr\u00e1tica do Congo&#8221;, tornando a infra-estrutura num grande activo econ\u00f3mico para o pa\u00eds.<\/p>\n\n\n\n<p><\/p>\n","protected":false},"excerpt":{"rendered":"<p>Empres\u00e1rios australianos mostraram-se interessados na gest\u00e3o do Terminal de \u00c1guas Profundas do Caio, em Cabinda, avan\u00e7a uma nota que tivemos acesso. O interesse resulta do recente concurso internacional lan\u00e7ado pelo Minist\u00e9rio dos Transportes que visa encontrar um operador para aquela infra-estrutura. Na ocasi\u00e3o, o embaixador Ant\u00f3nio Luvualu de Carvalho, que se encontra em miss\u00e3o de [&hellip;]<\/p>\n","protected":false},"author":13,"featured_media":6505,"comment_status":"open","ping_status":"open","sticky":false,"template":"","format":"standard","meta":{"jnews-multi-image_gallery":[],"jnews_single_post":[],"jnews_primary_category":[],"jnews_paywall_metabox":[],"jnews_override_counter":[],"jnews_podcast_option":[],"jnews_podcast_series":[],"footnotes":""},"categories":[56],"tags":[115,76,154,142,278,83,255],"jnews-series":[],"class_list":["post-6503","post","type-post","status-publish","format-standard","has-post-thumbnail","hentry","category-negocios","tag-economia","tag-escolhahoje2","tag-escolha-hoje3","tag-infraestruturas","tag-investimento","tag-maisrecentes","tag-provincias"],"_links":{"self":[{"href":"https:\/\/negociosemexame.ao\/index.php\/wp-json\/wp\/v2\/posts\/6503","targetHints":{"allow":["GET"]}}],"collection":[{"href":"https:\/\/negociosemexame.ao\/index.php\/wp-json\/wp\/v2\/posts"}],"about":[{"href":"https:\/\/negociosemexame.ao\/index.php\/wp-json\/wp\/v2\/types\/post"}],"author":[{"embeddable":true,"href":"https:\/\/negociosemexame.ao\/index.php\/wp-json\/wp\/v2\/users\/13"}],"replies":[{"embeddable":true,"href":"https:\/\/negociosemexame.ao\/index.php\/wp-json\/wp\/v2\/comments?post=6503"}],"version-history":[{"count":1,"href":"https:\/\/negociosemexame.ao\/index.php\/wp-json\/wp\/v2\/posts\/6503\/revisions"}],"predecessor-version":[{"id":6504,"href":"https:\/\/negociosemexame.ao\/index.php\/wp-json\/wp\/v2\/posts\/6503\/revisions\/6504"}],"wp:featuredmedia":[{"embeddable":true,"href":"https:\/\/negociosemexame.ao\/index.php\/wp-json\/wp\/v2\/media\/6505"}],"wp:attachment":[{"href":"https:\/\/negociosemexame.ao\/index.php\/wp-json\/wp\/v2\/media?parent=6503"}],"wp:term":[{"taxonomy":"category","embeddable":true,"href":"https:\/\/negociosemexame.ao\/index.php\/wp-json\/wp\/v2\/categories?post=6503"},{"taxonomy":"post_tag","embeddable":true,"href":"https:\/\/negociosemexame.ao\/index.php\/wp-json\/wp\/v2\/tags?post=6503"},{"taxonomy":"jnews-series","embeddable":true,"href":"https:\/\/negociosemexame.ao\/index.php\/wp-json\/wp\/v2\/jnews-series?post=6503"}],"curies":[{"name":"wp","href":"https:\/\/api.w.org\/{rel}","templated":true}]}}