{"id":6474,"date":"2026-04-30T12:13:13","date_gmt":"2026-04-30T12:13:13","guid":{"rendered":"https:\/\/negociosemexame.ao\/?p=6474"},"modified":"2026-04-30T12:13:13","modified_gmt":"2026-04-30T12:13:13","slug":"mais-de-300-projectos-do-piim-concluidos-em-todo-o-pais","status":"publish","type":"post","link":"https:\/\/negociosemexame.ao\/index.php\/2026\/04\/30\/mais-de-300-projectos-do-piim-concluidos-em-todo-o-pais\/","title":{"rendered":"Mais de 300 projectos do PIIM conclu\u00eddos em todo o pa\u00eds"},"content":{"rendered":"\n<p>Mil trezentos e seis projectos, dos dois mil e quatrocentos inscritos no Plano Integrado de Interven\u00e7\u00e3o nos Munic\u00edpios (PIIM), est\u00e3o conclu\u00eddos, em todo o pa\u00eds, revelou, nesta quinta-feira, em Luanda, a secret\u00e1ria de Estado para a Administra\u00e7\u00e3o do Territ\u00f3rio, Teresa Quivienguele.<\/p>\n\n\n\n<p>Os factos foram revelados no final da reuni\u00e3o de balan\u00e7o do primeiro trimestre de 2026 da Comiss\u00e3o Interministerial de Acompanhamento do PIIM, orientada pelo ministro de Estado para a Coordena\u00e7\u00e3o Econ\u00f3mica, Jos\u00e9 de Lima Massano.<\/p>\n\n\n\n<p>Dos projectos conclu\u00eddos, destacam-se mais de 300 escolas constru\u00eddas e apetrechadas, cerca de 100 projectos no dom\u00ednio da sa\u00fade, 115 na \u00e1rea da higiene e saneamento e 53 em habita\u00e7\u00e3o social, em v\u00e1rias localidades do territ\u00f3rio nacional.<\/p>\n\n\n\n<p>Na ocasi\u00e3o, Teresa Quivienguele fez saber que h\u00e1 um conjunto de interven\u00e7\u00f5es de reabilita\u00e7\u00e3o de infra-estruturas p\u00fablicas, sistemas de abastecimento de \u00e1gua, ilumina\u00e7\u00e3o p\u00fablica, redes el\u00e9ctricas, e reabilita\u00e7\u00e3o de infra-estruturas administrativas.<\/p>\n\n\n\n<p>Tais interven\u00e7\u00f5es, continuou, est\u00e3o a permitir que os munic\u00edpios reforcem a sua capacidade de presta\u00e7\u00e3o de servi\u00e7o p\u00fablico ao n\u00edvel local.<\/p>\n\n\n\n<p>Deu a conhecer que a Comiss\u00e3o Inter-ministerial tem estado ainda a trabalhar com os \u00f3rg\u00e3os or\u00e7amentais para ajudar a resolver eventuais situa\u00e7\u00f5es de depend\u00eancias financeiras, regularizar a gest\u00e3o patrimonial destas obras que j\u00e1 foram conclu\u00eddas fisicamente, acelerar o processo de implementa\u00e7\u00e3o das obras, realizar os constrangimentos \u00e0 volta de alguns projectos paralisados.<\/p>\n\n\n\n<p>\u201cEstamos a fazer um trabalho muito fino com os \u00f3rg\u00e3os locais, porque muitos dos projectos paralisados t\u00eam a ver com a falta de capacidade e incumprimento dos operadores econ\u00f3micos\u201d.<\/p>\n\n\n\n<p>Temos j\u00e1 tamb\u00e9m uma lista de cerca de 57 operadores econ\u00f3micos que est\u00e3o na lista negra, digamos assim, que n\u00e3o podem mais contratar com o Estado\u201d, deu a conhecer.<\/p>\n\n\n\n<p>Ressaltou que o PIIM continua a ser um dos principais instrumentos do Executivo para o refor\u00e7o da governa\u00e7\u00e3o ao n\u00edvel dos munic\u00edpios e para os processos de desenvolvimento local e de melhoria das condi\u00e7\u00f5es de vida das popula\u00e7\u00f5es.<\/p>\n\n\n\n<p>Lan\u00e7ado em Junho de 2019 pelo Presidente da Rep\u00fablica, Jo\u00e3o Louren\u00e7o, o PIIM \u00e9 implementado nos munic\u00edpios do pa\u00eds e conta com um financiamento equivalente em kwanzas a dois mil milh\u00f5es de d\u00f3lares do Fundo Soberano de Angola.<\/p>\n\n\n\n<p>O programa tem como objectivo materializar ac\u00e7\u00f5es de Investimento P\u00fablicos (PIP), de Despesas de Apoio ao Desenvolvimento (DAD) e de Actividades B\u00e1sicas (Act), com prioridade para as ac\u00e7\u00f5es de car\u00e1cter social, de modo a inibir o \u00eaxodo rural e promover o crescimento econ\u00f3mico, social e regional mais inclusivo no pa\u00eds.<\/p>\n","protected":false},"excerpt":{"rendered":"<p>Mil trezentos e seis projectos, dos dois mil e quatrocentos inscritos no Plano Integrado de Interven\u00e7\u00e3o nos Munic\u00edpios (PIIM), est\u00e3o conclu\u00eddos, em todo o pa\u00eds, revelou, nesta quinta-feira, em Luanda, a secret\u00e1ria de Estado para a Administra\u00e7\u00e3o do Territ\u00f3rio, Teresa Quivienguele. Os factos foram revelados no final da reuni\u00e3o de balan\u00e7o do primeiro trimestre de [&hellip;]<\/p>\n","protected":false},"author":15,"featured_media":6475,"comment_status":"open","ping_status":"open","sticky":false,"template":"","format":"standard","meta":{"jnews-multi-image_gallery":[],"jnews_single_post":[],"jnews_primary_category":[],"jnews_paywall_metabox":[],"jnews_override_counter":[],"jnews_podcast_option":[],"jnews_podcast_series":[],"footnotes":""},"categories":[57],"tags":[222,76,154,163,83,255],"jnews-series":[],"class_list":["post-6474","post","type-post","status-publish","format-standard","has-post-thumbnail","hentry","category-economia","tag-administracao-publica","tag-escolhahoje2","tag-escolha-hoje3","tag-escolha4","tag-maisrecentes","tag-provincias"],"_links":{"self":[{"href":"https:\/\/negociosemexame.ao\/index.php\/wp-json\/wp\/v2\/posts\/6474","targetHints":{"allow":["GET"]}}],"collection":[{"href":"https:\/\/negociosemexame.ao\/index.php\/wp-json\/wp\/v2\/posts"}],"about":[{"href":"https:\/\/negociosemexame.ao\/index.php\/wp-json\/wp\/v2\/types\/post"}],"author":[{"embeddable":true,"href":"https:\/\/negociosemexame.ao\/index.php\/wp-json\/wp\/v2\/users\/15"}],"replies":[{"embeddable":true,"href":"https:\/\/negociosemexame.ao\/index.php\/wp-json\/wp\/v2\/comments?post=6474"}],"version-history":[{"count":1,"href":"https:\/\/negociosemexame.ao\/index.php\/wp-json\/wp\/v2\/posts\/6474\/revisions"}],"predecessor-version":[{"id":6476,"href":"https:\/\/negociosemexame.ao\/index.php\/wp-json\/wp\/v2\/posts\/6474\/revisions\/6476"}],"wp:featuredmedia":[{"embeddable":true,"href":"https:\/\/negociosemexame.ao\/index.php\/wp-json\/wp\/v2\/media\/6475"}],"wp:attachment":[{"href":"https:\/\/negociosemexame.ao\/index.php\/wp-json\/wp\/v2\/media?parent=6474"}],"wp:term":[{"taxonomy":"category","embeddable":true,"href":"https:\/\/negociosemexame.ao\/index.php\/wp-json\/wp\/v2\/categories?post=6474"},{"taxonomy":"post_tag","embeddable":true,"href":"https:\/\/negociosemexame.ao\/index.php\/wp-json\/wp\/v2\/tags?post=6474"},{"taxonomy":"jnews-series","embeddable":true,"href":"https:\/\/negociosemexame.ao\/index.php\/wp-json\/wp\/v2\/jnews-series?post=6474"}],"curies":[{"name":"wp","href":"https:\/\/api.w.org\/{rel}","templated":true}]}}