{"id":6471,"date":"2026-04-30T05:04:55","date_gmt":"2026-04-30T05:04:55","guid":{"rendered":"https:\/\/negociosemexame.ao\/?p=6471"},"modified":"2026-04-30T05:04:55","modified_gmt":"2026-04-30T05:04:55","slug":"rnt-e-ren-de-portugal-formalizam-cooperacao-tecnica","status":"publish","type":"post","link":"https:\/\/negociosemexame.ao\/index.php\/2026\/04\/30\/rnt-e-ren-de-portugal-formalizam-cooperacao-tecnica\/","title":{"rendered":"RNT e REN de Portugal formalizam coopera\u00e7\u00e3o t\u00e9cnica"},"content":{"rendered":"\n<p>A Rede Nacional de Transporte de Electricidade de Angola (RNT-EP) e a sua cong\u00e9nere portuguesa, REN &#8211; Redes Energ\u00e9ticas Nacionais, formalizaram nesta ter\u00e7a-feira, em Portugal, a assinatura de um Protocolo de Interc\u00e2mbio destinado a fortalecer a coopera\u00e7\u00e3o t\u00e9cnica e institucional entre as duas operadoras.<\/p>\n\n\n\n<p>O acordo foi rubricado pelos Presidentes dos Conselhos de Administra\u00e7\u00e3o das duas empresas, Rui Gourgel, pela RNT-EP, e Rodrigo Costa, pela REN.<\/p>\n\n\n\n<p>A cerim\u00f3nia contou com a presen\u00e7a da embaixadora de Angola em Portugal, Maria de Jesus Ferreira, que destacou a import\u00e2ncia estrat\u00e9gica desta parceria.<\/p>\n\n\n\n<p>O protocolo agrange tr\u00eas pilares fundamentais para a troca de experi\u00eancia, nos dom\u00ednios dos Recursos Humanos e Planeamento Estrat\u00e9gico.<\/p>\n\n\n\n<p>Durante o acto, a embaixadora Maria de Jesus Ferreira, enalteceu a iniciativa, reafirmando o compromisso pol\u00edtico do Governo de Angola em estimular e aprofundar a coopera\u00e7\u00e3o entre empresas angolanas e portuguesas, visando o desenvolvimento econ\u00f3mico m\u00fatuo.<\/p>\n\n\n\n<p>O protocolo ter\u00e1 uma vig\u00eancia inicial de tr\u00eas anos, sendo renov\u00e1vel por igual per\u00edodo, garantindo assim uma base s\u00f3lida para o desenvolvimento de projectos conjuntos e a troca cont\u00ednua de conhecimento t\u00e9cnico.<\/p>\n\n\n\n<p>Com este passo, a RNT-EP refor\u00e7a o seu posicionamento na busca por excel\u00eancia operacional, contando com a experi\u00eancia da REN para enfrentar os desafios da transi\u00e7\u00e3o energ\u00e9tica e da estabilidade da rede de transporte de energia em Angola.<\/p>\n","protected":false},"excerpt":{"rendered":"<p>A Rede Nacional de Transporte de Electricidade de Angola (RNT-EP) e a sua cong\u00e9nere portuguesa, REN &#8211; Redes Energ\u00e9ticas Nacionais, formalizaram nesta ter\u00e7a-feira, em Portugal, a assinatura de um Protocolo de Interc\u00e2mbio destinado a fortalecer a coopera\u00e7\u00e3o t\u00e9cnica e institucional entre as duas operadoras. O acordo foi rubricado pelos Presidentes dos Conselhos de Administra\u00e7\u00e3o das [&hellip;]<\/p>\n","protected":false},"author":15,"featured_media":6473,"comment_status":"open","ping_status":"open","sticky":false,"template":"","format":"standard","meta":{"jnews-multi-image_gallery":[],"jnews_single_post":{"format":"standard"},"jnews_primary_category":[],"jnews_paywall_metabox":[],"jnews_override_counter":[],"jnews_podcast_option":[],"jnews_podcast_series":[],"footnotes":""},"categories":[56],"tags":[147,115,164,76,154,163,83],"jnews-series":[],"class_list":["post-6471","post","type-post","status-publish","format-standard","has-post-thumbnail","hentry","category-negocios","tag-cooperacao","tag-economia","tag-energia","tag-escolhahoje2","tag-escolha-hoje3","tag-escolha4","tag-maisrecentes"],"_links":{"self":[{"href":"https:\/\/negociosemexame.ao\/index.php\/wp-json\/wp\/v2\/posts\/6471","targetHints":{"allow":["GET"]}}],"collection":[{"href":"https:\/\/negociosemexame.ao\/index.php\/wp-json\/wp\/v2\/posts"}],"about":[{"href":"https:\/\/negociosemexame.ao\/index.php\/wp-json\/wp\/v2\/types\/post"}],"author":[{"embeddable":true,"href":"https:\/\/negociosemexame.ao\/index.php\/wp-json\/wp\/v2\/users\/15"}],"replies":[{"embeddable":true,"href":"https:\/\/negociosemexame.ao\/index.php\/wp-json\/wp\/v2\/comments?post=6471"}],"version-history":[{"count":1,"href":"https:\/\/negociosemexame.ao\/index.php\/wp-json\/wp\/v2\/posts\/6471\/revisions"}],"predecessor-version":[{"id":6472,"href":"https:\/\/negociosemexame.ao\/index.php\/wp-json\/wp\/v2\/posts\/6471\/revisions\/6472"}],"wp:featuredmedia":[{"embeddable":true,"href":"https:\/\/negociosemexame.ao\/index.php\/wp-json\/wp\/v2\/media\/6473"}],"wp:attachment":[{"href":"https:\/\/negociosemexame.ao\/index.php\/wp-json\/wp\/v2\/media?parent=6471"}],"wp:term":[{"taxonomy":"category","embeddable":true,"href":"https:\/\/negociosemexame.ao\/index.php\/wp-json\/wp\/v2\/categories?post=6471"},{"taxonomy":"post_tag","embeddable":true,"href":"https:\/\/negociosemexame.ao\/index.php\/wp-json\/wp\/v2\/tags?post=6471"},{"taxonomy":"jnews-series","embeddable":true,"href":"https:\/\/negociosemexame.ao\/index.php\/wp-json\/wp\/v2\/jnews-series?post=6471"}],"curies":[{"name":"wp","href":"https:\/\/api.w.org\/{rel}","templated":true}]}}