{"id":6466,"date":"2026-04-30T04:52:44","date_gmt":"2026-04-30T04:52:44","guid":{"rendered":"https:\/\/negociosemexame.ao\/?p=6466"},"modified":"2026-04-30T04:54:03","modified_gmt":"2026-04-30T04:54:03","slug":"corredor-do-lobito-e-um-factor-estrategico-de-desenvolvimento-de-africa","status":"publish","type":"post","link":"https:\/\/negociosemexame.ao\/index.php\/2026\/04\/30\/corredor-do-lobito-e-um-factor-estrategico-de-desenvolvimento-de-africa\/","title":{"rendered":"Corredor do Lobito \u00e9 um factor estrat\u00e9gico do desenvolvimento de \u00c1frica"},"content":{"rendered":"\n<p>A embaixadora Josefa Corr\u00eaa Sako destacou nesta quarta-feira, em It\u00e1lia, Roma, o corredor do Lobito como factor de desenvolvimento estrat\u00e9gico de \u00c1frica, uma rota atl\u00e2ntica para o com\u00e9rcio, a log\u00edstica, o transporte dos minerais cr\u00edticos, produ\u00e7\u00e3o industrial e a integra\u00e7\u00e3o dos mercados regionais.<\/p>\n\n\n\n<p>A diplomata falava num evento organizado pelo Instituto de Assuntos Internacionais de Roma, sobre a concilia\u00e7\u00e3o de interesses ao longo do corredor do Lobito: diplomacia, desenvolvimento, minerais cr\u00edticos e o alinhamento da declara\u00e7\u00e3o de Kampala sobre o Programa Compreensivo de Desenvolvimento da Agricultura em \u00c1frica (CAADP, sigla em Ingl\u00eas), refere a nota.<\/p>\n\n\n\n<p>Segundo a embaixadora, \u00e0 medida que a procura por minerais cr\u00edticos ligados \u00e0 transi\u00e7\u00e3o energ\u00e9tica global cresce, o corredor de Lobito torna-se uma plataforma fundamental onde as prioridades de desenvolvimento africanas se cruzam em mat\u00e9ria de infra-estruturas, a diversifica\u00e7\u00e3o da cadeia de abastecimento e da coordena\u00e7\u00e3o de investimentos.<\/p>\n\n\n\n<p>Por essa raz\u00e3o, sublinhou que o Corredor do Lobito, n\u00e3o deve ser encarado apenas sob a perspectiva das exporta\u00e7\u00f5es de minerais.<\/p>\n\n\n\n<p>Real\u00e7ou que a relev\u00e2ncia da infra-estrutura, a longo prazo, depender\u00e1 da capacidade de gerar benef\u00edcios de desenvolvimento mais amplos para Angola, Rep\u00fablica democr\u00e1tica do Congo (RDC) e a Z\u00e2mbia, atrav\u00e9s do desenvolvimento de empresas locais, da facilita\u00e7\u00e3o do com\u00e9rcio, da transforma\u00e7\u00e3o agr\u00edcola, do desenvolvimento de compet\u00eancias, dos servi\u00e7os de log\u00edstica, do acesso \u00e0 energia e ao emprego.<\/p>\n\n\n\n<p><\/p>\n","protected":false},"excerpt":{"rendered":"<p>A embaixadora Josefa Corr\u00eaa Sako destacou nesta quarta-feira, em It\u00e1lia, Roma, o corredor do Lobito como factor de desenvolvimento estrat\u00e9gico de \u00c1frica, uma rota atl\u00e2ntica para o com\u00e9rcio, a log\u00edstica, o transporte dos minerais cr\u00edticos, produ\u00e7\u00e3o industrial e a integra\u00e7\u00e3o dos mercados regionais. A diplomata falava num evento organizado pelo Instituto de Assuntos Internacionais de [&hellip;]<\/p>\n","protected":false},"author":15,"featured_media":6469,"comment_status":"open","ping_status":"open","sticky":false,"template":"","format":"standard","meta":{"jnews-multi-image_gallery":[],"jnews_single_post":[],"jnews_primary_category":[],"jnews_paywall_metabox":[],"jnews_override_counter":[],"jnews_podcast_option":[],"jnews_podcast_series":[],"footnotes":""},"categories":[57],"tags":[119,147,86,289,115,75,154,163,83],"jnews-series":[],"class_list":["post-6466","post","type-post","status-publish","format-standard","has-post-thumbnail","hentry","category-economia","tag-africa","tag-cooperacao","tag-corredor_do_lobito","tag-desenvolvimento","tag-economia","tag-escolhahoje1","tag-escolha-hoje3","tag-escolha4","tag-maisrecentes"],"_links":{"self":[{"href":"https:\/\/negociosemexame.ao\/index.php\/wp-json\/wp\/v2\/posts\/6466","targetHints":{"allow":["GET"]}}],"collection":[{"href":"https:\/\/negociosemexame.ao\/index.php\/wp-json\/wp\/v2\/posts"}],"about":[{"href":"https:\/\/negociosemexame.ao\/index.php\/wp-json\/wp\/v2\/types\/post"}],"author":[{"embeddable":true,"href":"https:\/\/negociosemexame.ao\/index.php\/wp-json\/wp\/v2\/users\/15"}],"replies":[{"embeddable":true,"href":"https:\/\/negociosemexame.ao\/index.php\/wp-json\/wp\/v2\/comments?post=6466"}],"version-history":[{"count":3,"href":"https:\/\/negociosemexame.ao\/index.php\/wp-json\/wp\/v2\/posts\/6466\/revisions"}],"predecessor-version":[{"id":6470,"href":"https:\/\/negociosemexame.ao\/index.php\/wp-json\/wp\/v2\/posts\/6466\/revisions\/6470"}],"wp:featuredmedia":[{"embeddable":true,"href":"https:\/\/negociosemexame.ao\/index.php\/wp-json\/wp\/v2\/media\/6469"}],"wp:attachment":[{"href":"https:\/\/negociosemexame.ao\/index.php\/wp-json\/wp\/v2\/media?parent=6466"}],"wp:term":[{"taxonomy":"category","embeddable":true,"href":"https:\/\/negociosemexame.ao\/index.php\/wp-json\/wp\/v2\/categories?post=6466"},{"taxonomy":"post_tag","embeddable":true,"href":"https:\/\/negociosemexame.ao\/index.php\/wp-json\/wp\/v2\/tags?post=6466"},{"taxonomy":"jnews-series","embeddable":true,"href":"https:\/\/negociosemexame.ao\/index.php\/wp-json\/wp\/v2\/jnews-series?post=6466"}],"curies":[{"name":"wp","href":"https:\/\/api.w.org\/{rel}","templated":true}]}}