{"id":6462,"date":"2026-04-29T19:55:23","date_gmt":"2026-04-29T19:55:23","guid":{"rendered":"https:\/\/negociosemexame.ao\/?p=6462"},"modified":"2026-04-29T19:55:23","modified_gmt":"2026-04-29T19:55:23","slug":"pais-ja-conta-com-um-data-center-e-cloud-nacional","status":"publish","type":"post","link":"https:\/\/negociosemexame.ao\/index.php\/2026\/04\/29\/pais-ja-conta-com-um-data-center-e-cloud-nacional\/","title":{"rendered":"Pa\u00eds j\u00e1 conta com um Data Center e Cloud Nacional"},"content":{"rendered":"\n<p>O presidente Jo\u00e3o Louren\u00e7o inaugurou nesta ter\u00e7a-feira, em Luanda, o primeiro &#8216;Data Center e Cloud&#8217; Nacional, infra-estrutura de armazenamento e processamento de dados do governo, or\u00e7ado em 89 milh\u00f5es de d\u00f3lares.<\/p>\n\n\n\n<p>Segundo o comunicado do Minist\u00e9rio das Telecomunica\u00e7\u00f5es, Tecnologias de Informa\u00e7\u00e3o e Comunica\u00e7\u00e3o Social (Minttics), o empreendimento conta com cerca de 208 &#8216;racks&#8217; &#8211; estruturas f\u00edsicas que alojam os servidores e equipamentos de rede com capacidade para 13 000 servidores virtuais (vCPU) de armazenamento e a hospedagem de sistemas inform\u00e1ticos p\u00fablicos, prevendo-se a migra\u00e7\u00e3o das aplica\u00e7\u00f5es existentes e a disponibiliza\u00e7\u00e3o de mais de 80 servi\u00e7os governamentais na nova plataforma.<\/p>\n\n\n\n<p>O edificio, com dois andares pr\u00e9-fabricados de centros de dados modulares, ocupa uma \u00e1rea de 860 metros quadrados no Camama (Luanda) e integra uma rede de fibra \u00f3ptica de 50 gigabytes por segundo que interliga todos os minist\u00e9rios e a Assembleia Nacional, permitindo a implementa\u00e7\u00e3o de escrit\u00f3rios inteligentes e a unifica\u00e7\u00e3o de dados de diferentes sectores da administra\u00e7\u00e3o p\u00fablica.<\/p>\n\n\n\n<p>A infra-estrutura prev\u00ea igualmente a disponibiliza\u00e7\u00e3o de servi\u00e7os tecnol\u00f3gicos a empresas privadas, nacionais e estrangeiras.<\/p>\n\n\n\n<p>Segundo o minist\u00e9rio, o projeto visa refor\u00e7ar a soberania digital do pa\u00eds, reduzindo a depend\u00eancia de infraestruturas de armazenamento externas, e acelerar a transforma\u00e7\u00e3o digital em sectores como a sa\u00fade, a educa\u00e7\u00e3o, a seguran\u00e7a e a economia<\/p>\n\n\n\n<p>O investimento abrangeu a constru\u00e7\u00e3o da infraestrutura, a forma\u00e7\u00e3o de t\u00e9cnicos e a unifica\u00e7\u00e3o dos servi\u00e7os governamentais numa plataforma de nuvem (&#8220;cloud&#8221;) partilhada.<\/p>\n\n\n\n<p>O projeto resulta de um Memorando de Entendimento assinado em dezembro de 2021 entre os governos de Angola e dos Emirados \u00c1rabes Unidos, assinado entre o Minttics e a multinacional Presight (grupo G42), e foi apresentado publicamente em Fevereiro de 2023 pelo ministro da tutela, M\u00e1rio Oliveira.<\/p>\n\n\n\n<p><\/p>\n","protected":false},"excerpt":{"rendered":"<p>O presidente Jo\u00e3o Louren\u00e7o inaugurou nesta ter\u00e7a-feira, em Luanda, o primeiro &#8216;Data Center e Cloud&#8217; Nacional, infra-estrutura de armazenamento e processamento de dados do governo, or\u00e7ado em 89 milh\u00f5es de d\u00f3lares. Segundo o comunicado do Minist\u00e9rio das Telecomunica\u00e7\u00f5es, Tecnologias de Informa\u00e7\u00e3o e Comunica\u00e7\u00e3o Social (Minttics), o empreendimento conta com cerca de 208 &#8216;racks&#8217; &#8211; estruturas [&hellip;]<\/p>\n","protected":false},"author":13,"featured_media":6464,"comment_status":"open","ping_status":"open","sticky":false,"template":"","format":"standard","meta":{"jnews-multi-image_gallery":[],"jnews_single_post":{"format":"standard"},"jnews_primary_category":[],"jnews_paywall_metabox":[],"jnews_override_counter":[],"jnews_podcast_option":[],"jnews_podcast_series":[],"footnotes":""},"categories":[57],"tags":[75,154,163,83,112],"jnews-series":[],"class_list":["post-6462","post","type-post","status-publish","format-standard","has-post-thumbnail","hentry","category-economia","tag-escolhahoje1","tag-escolha-hoje3","tag-escolha4","tag-maisrecentes","tag-novas-tecnologias"],"_links":{"self":[{"href":"https:\/\/negociosemexame.ao\/index.php\/wp-json\/wp\/v2\/posts\/6462","targetHints":{"allow":["GET"]}}],"collection":[{"href":"https:\/\/negociosemexame.ao\/index.php\/wp-json\/wp\/v2\/posts"}],"about":[{"href":"https:\/\/negociosemexame.ao\/index.php\/wp-json\/wp\/v2\/types\/post"}],"author":[{"embeddable":true,"href":"https:\/\/negociosemexame.ao\/index.php\/wp-json\/wp\/v2\/users\/13"}],"replies":[{"embeddable":true,"href":"https:\/\/negociosemexame.ao\/index.php\/wp-json\/wp\/v2\/comments?post=6462"}],"version-history":[{"count":2,"href":"https:\/\/negociosemexame.ao\/index.php\/wp-json\/wp\/v2\/posts\/6462\/revisions"}],"predecessor-version":[{"id":6465,"href":"https:\/\/negociosemexame.ao\/index.php\/wp-json\/wp\/v2\/posts\/6462\/revisions\/6465"}],"wp:featuredmedia":[{"embeddable":true,"href":"https:\/\/negociosemexame.ao\/index.php\/wp-json\/wp\/v2\/media\/6464"}],"wp:attachment":[{"href":"https:\/\/negociosemexame.ao\/index.php\/wp-json\/wp\/v2\/media?parent=6462"}],"wp:term":[{"taxonomy":"category","embeddable":true,"href":"https:\/\/negociosemexame.ao\/index.php\/wp-json\/wp\/v2\/categories?post=6462"},{"taxonomy":"post_tag","embeddable":true,"href":"https:\/\/negociosemexame.ao\/index.php\/wp-json\/wp\/v2\/tags?post=6462"},{"taxonomy":"jnews-series","embeddable":true,"href":"https:\/\/negociosemexame.ao\/index.php\/wp-json\/wp\/v2\/jnews-series?post=6462"}],"curies":[{"name":"wp","href":"https:\/\/api.w.org\/{rel}","templated":true}]}}