{"id":6413,"date":"2026-04-25T12:21:06","date_gmt":"2026-04-25T12:21:06","guid":{"rendered":"https:\/\/negociosemexame.ao\/?p=6413"},"modified":"2026-04-25T12:23:33","modified_gmt":"2026-04-25T12:23:33","slug":"angola-vende-a-participacao-de-144-no-banco-comercial-angolano","status":"publish","type":"post","link":"https:\/\/negociosemexame.ao\/index.php\/2026\/04\/25\/angola-vende-a-participacao-de-144-no-banco-comercial-angolano\/","title":{"rendered":"Angola vende a participa\u00e7\u00e3o de 1,44% no Banco Comercial Angolano"},"content":{"rendered":"\n<p>O Estado angolano anunciou nesta quarta-feira que, no \u00e2mbito do programa de privatiza\u00e7\u00f5es, vai vender a sua participa\u00e7\u00e3o, de 1,44%, no capital do Banco Comercial Angolano, atrav\u00e9s de um concurso p\u00fablico que d\u00e1 prefer\u00eancia aos atuais acionistas.<\/p>\n\n\n\n<p>\u201c\u00c9 autorizada a privatiza\u00e7\u00e3o, por via do Procedimento de Concurso P\u00fablico, na modalidade de aliena\u00e7\u00e3o das participa\u00e7\u00f5es sociais, das a\u00e7\u00f5es representativas de 1,44% do capital social do Banco Comercial Angolano\u201d, l\u00ea-se no decreto presidencial de 20 de Abril.<\/p>\n\n\n\n<p>A venda insere-se no programa de privatiza\u00e7\u00f5es do Estado. O processo de aliena\u00e7\u00e3o d\u00e1 prefer\u00eancia aos actuais acionistas do Banco Comercial Angolano.<\/p>\n\n\n\n<p>O decreto determina que esta privatiza\u00e7\u00e3o deve respeitar os direitos consagrados aos demais s\u00f3cios, para efeitos de exerc\u00edcio do direito de prefer\u00eancia, ao pre\u00e7o mais competitivo resultante das licita\u00e7\u00f5es.<\/p>\n\n\n\n<p>O diploma delega o procedimento na ministra das Finan\u00e7as, que ter\u00e1 a compet\u00eancia, com a faculdade de subdelegar, para a pr\u00e1tica de actos decis\u00f3rios e de aprova\u00e7\u00e3o tutelar, bem como para a verifica\u00e7\u00e3o da validade e legalidade de todos os actos praticados no \u00e2mbito do referido processo.<\/p>\n","protected":false},"excerpt":{"rendered":"<p>O Estado angolano anunciou nesta quarta-feira que, no \u00e2mbito do programa de privatiza\u00e7\u00f5es, vai vender a sua participa\u00e7\u00e3o, de 1,44%, no capital do Banco Comercial Angolano, atrav\u00e9s de um concurso p\u00fablico que d\u00e1 prefer\u00eancia aos atuais acionistas. \u201c\u00c9 autorizada a privatiza\u00e7\u00e3o, por via do Procedimento de Concurso P\u00fablico, na modalidade de aliena\u00e7\u00e3o das participa\u00e7\u00f5es sociais, [&hellip;]<\/p>\n","protected":false},"author":3,"featured_media":6419,"comment_status":"open","ping_status":"open","sticky":false,"template":"","format":"standard","meta":{"jnews-multi-image_gallery":[],"jnews_single_post":{"format":"standard"},"jnews_primary_category":[],"jnews_paywall_metabox":[],"jnews_override_counter":[],"jnews_podcast_option":[],"jnews_podcast_series":[],"footnotes":""},"categories":[144],"tags":[276,76,154,83],"jnews-series":[],"class_list":["post-6413","post","type-post","status-publish","format-standard","has-post-thumbnail","hentry","category-financas","tag-bancos","tag-escolhahoje2","tag-escolha-hoje3","tag-maisrecentes"],"_links":{"self":[{"href":"https:\/\/negociosemexame.ao\/index.php\/wp-json\/wp\/v2\/posts\/6413","targetHints":{"allow":["GET"]}}],"collection":[{"href":"https:\/\/negociosemexame.ao\/index.php\/wp-json\/wp\/v2\/posts"}],"about":[{"href":"https:\/\/negociosemexame.ao\/index.php\/wp-json\/wp\/v2\/types\/post"}],"author":[{"embeddable":true,"href":"https:\/\/negociosemexame.ao\/index.php\/wp-json\/wp\/v2\/users\/3"}],"replies":[{"embeddable":true,"href":"https:\/\/negociosemexame.ao\/index.php\/wp-json\/wp\/v2\/comments?post=6413"}],"version-history":[{"count":3,"href":"https:\/\/negociosemexame.ao\/index.php\/wp-json\/wp\/v2\/posts\/6413\/revisions"}],"predecessor-version":[{"id":6421,"href":"https:\/\/negociosemexame.ao\/index.php\/wp-json\/wp\/v2\/posts\/6413\/revisions\/6421"}],"wp:featuredmedia":[{"embeddable":true,"href":"https:\/\/negociosemexame.ao\/index.php\/wp-json\/wp\/v2\/media\/6419"}],"wp:attachment":[{"href":"https:\/\/negociosemexame.ao\/index.php\/wp-json\/wp\/v2\/media?parent=6413"}],"wp:term":[{"taxonomy":"category","embeddable":true,"href":"https:\/\/negociosemexame.ao\/index.php\/wp-json\/wp\/v2\/categories?post=6413"},{"taxonomy":"post_tag","embeddable":true,"href":"https:\/\/negociosemexame.ao\/index.php\/wp-json\/wp\/v2\/tags?post=6413"},{"taxonomy":"jnews-series","embeddable":true,"href":"https:\/\/negociosemexame.ao\/index.php\/wp-json\/wp\/v2\/jnews-series?post=6413"}],"curies":[{"name":"wp","href":"https:\/\/api.w.org\/{rel}","templated":true}]}}