{"id":5897,"date":"2026-03-17T12:47:33","date_gmt":"2026-03-17T12:47:33","guid":{"rendered":"https:\/\/negociosemexame.ao\/?p=5897"},"modified":"2026-03-17T12:47:33","modified_gmt":"2026-03-17T12:47:33","slug":"angola-premiada-no-global-banking-and-markets-africa","status":"publish","type":"post","link":"https:\/\/negociosemexame.ao\/index.php\/2026\/03\/17\/angola-premiada-no-global-banking-and-markets-africa\/","title":{"rendered":"Angola premiada no Global Banking and Markets Africa"},"content":{"rendered":"\n<p>O Minist\u00e9rio das Finan\u00e7as, participa no Global Banking &amp; Markets Africa 2026, que decorre em Cape Town, um dos principais f\u00f3runs internacionais dedicados \u00e0 an\u00e1lise do sector financeiro, mercados de capitais e financiamento para o desenvolvimento do continente.<\/p>\n\n\n\n<p>No certame, o Secret\u00e1rio de Estado para as Finan\u00e7as e Tesouro, Ottoniel dos Santos, recebeu, em representa\u00e7\u00e3o do pa\u00eds, o pr\u00e9mio referente \u00e0 emiss\u00e3o de Eurobonds do ano passado, segundo um comunica\u00e7\u00e3o \u00e0 imprensa, sublinhando que o reconhecimento resulta do impacto positivo da opera\u00e7\u00e3o para Angola.<\/p>\n\n\n\n<p>O pr\u00e9mio reconhece igualmente os progressos registados no dom\u00ednio da gest\u00e3o das finan\u00e7as p\u00fablicas e do relacionamento com os mercados financeiros internacionais.<\/p>\n\n\n\n<p>Para o director da Unidade de Gest\u00e3o da D\u00edvida, Dorivaldo Teixeira, a participa\u00e7\u00e3o angolana no evento refor\u00e7a o compromisso do pa\u00eds com a promo\u00e7\u00e3o da estabilidade macroecon\u00f3mica e o fortalecimento da confian\u00e7a dos investidores internacionais.<\/p>\n","protected":false},"excerpt":{"rendered":"<p>O Minist\u00e9rio das Finan\u00e7as, participa no Global Banking &amp; Markets Africa 2026, que decorre em Cape Town, um dos principais f\u00f3runs internacionais dedicados \u00e0 an\u00e1lise do sector financeiro, mercados de capitais e financiamento para o desenvolvimento do continente. No certame, o Secret\u00e1rio de Estado para as Finan\u00e7as e Tesouro, Ottoniel dos Santos, recebeu, em representa\u00e7\u00e3o [&hellip;]<\/p>\n","protected":false},"author":13,"featured_media":5900,"comment_status":"open","ping_status":"open","sticky":false,"template":"","format":"standard","meta":{"jnews-multi-image_gallery":[],"jnews_single_post":[],"jnews_primary_category":[],"jnews_paywall_metabox":[],"jnews_override_counter":[],"jnews_podcast_option":[],"jnews_podcast_series":[],"footnotes":""},"categories":[144,60],"tags":[72,115,75,76,154,163],"jnews-series":[],"class_list":["post-5897","post","type-post","status-publish","format-standard","has-post-thumbnail","hentry","category-financas","category-mundo","tag-banca","tag-economia","tag-escolhahoje1","tag-escolhahoje2","tag-escolha-hoje3","tag-escolha4"],"_links":{"self":[{"href":"https:\/\/negociosemexame.ao\/index.php\/wp-json\/wp\/v2\/posts\/5897","targetHints":{"allow":["GET"]}}],"collection":[{"href":"https:\/\/negociosemexame.ao\/index.php\/wp-json\/wp\/v2\/posts"}],"about":[{"href":"https:\/\/negociosemexame.ao\/index.php\/wp-json\/wp\/v2\/types\/post"}],"author":[{"embeddable":true,"href":"https:\/\/negociosemexame.ao\/index.php\/wp-json\/wp\/v2\/users\/13"}],"replies":[{"embeddable":true,"href":"https:\/\/negociosemexame.ao\/index.php\/wp-json\/wp\/v2\/comments?post=5897"}],"version-history":[{"count":3,"href":"https:\/\/negociosemexame.ao\/index.php\/wp-json\/wp\/v2\/posts\/5897\/revisions"}],"predecessor-version":[{"id":5901,"href":"https:\/\/negociosemexame.ao\/index.php\/wp-json\/wp\/v2\/posts\/5897\/revisions\/5901"}],"wp:featuredmedia":[{"embeddable":true,"href":"https:\/\/negociosemexame.ao\/index.php\/wp-json\/wp\/v2\/media\/5900"}],"wp:attachment":[{"href":"https:\/\/negociosemexame.ao\/index.php\/wp-json\/wp\/v2\/media?parent=5897"}],"wp:term":[{"taxonomy":"category","embeddable":true,"href":"https:\/\/negociosemexame.ao\/index.php\/wp-json\/wp\/v2\/categories?post=5897"},{"taxonomy":"post_tag","embeddable":true,"href":"https:\/\/negociosemexame.ao\/index.php\/wp-json\/wp\/v2\/tags?post=5897"},{"taxonomy":"jnews-series","embeddable":true,"href":"https:\/\/negociosemexame.ao\/index.php\/wp-json\/wp\/v2\/jnews-series?post=5897"}],"curies":[{"name":"wp","href":"https:\/\/api.w.org\/{rel}","templated":true}]}}