{"id":5872,"date":"2026-03-15T10:47:02","date_gmt":"2026-03-15T10:47:02","guid":{"rendered":"https:\/\/negociosemexame.ao\/?p=5872"},"modified":"2026-03-15T10:47:02","modified_gmt":"2026-03-15T10:47:02","slug":"zonas-baixas-e-ribeirinhas-na-luta-contra-a-seca","status":"publish","type":"post","link":"https:\/\/negociosemexame.ao\/index.php\/2026\/03\/15\/zonas-baixas-e-ribeirinhas-na-luta-contra-a-seca\/","title":{"rendered":"Zonas baixas e ribeirinhas na luta contra a seca"},"content":{"rendered":"\n<p>O cultivo de tub\u00e9rculos em zonas ribeirinhas e baixas \u00e9 apontado como alternativa para mitigar a seca que assola boa parte do pa\u00eds, apontou nesta sexta-feira, o agr\u00f3nomo Pedro, do Instituto de Desenvolvimento Agr\u00e1rio (IDA) no Zaire.<\/p>\n\n\n\n<p>O especialista aconselhou igualmente os camponeses a cobrirem as culturas de milho e feij\u00e3o com capim e evitar maior exposi\u00e7\u00e3o solar.<\/p>\n\n\n\n<p>Para as regi\u00f5es onde seja poss\u00edvel a pr\u00e1tica da irriga\u00e7\u00e3o, Pedro Mansensa apela ao uso racional da \u00e1gua, criando reservat\u00f3rios subterr\u00e2neos.<\/p>\n\n\n\n<p>Enquanto durar o fen\u00f3meno El Ni\u00f1o, as chuvas ser\u00e3o reduzidas, devido ao esfriamento da \u00e1gua do mar e o consequente aumento da temperatura e desvio do vento.<\/p>\n\n\n\n<p>Em Angola, a regi\u00e3o sul \u00e9 das mais afectadas com per\u00edodos de estiagem, mas nesta \u00e9poca, a situa\u00e7\u00e3o tende a atingir quase o pa\u00eds todo.<\/p>\n\n\n\n<p>Devido \u00e0 seca, no Bengo, muitos camponeses est\u00e3o a abandonar as lavras e a regressar \u00e0s cidades.<\/p>\n","protected":false},"excerpt":{"rendered":"<p>O cultivo de tub\u00e9rculos em zonas ribeirinhas e baixas \u00e9 apontado como alternativa para mitigar a seca que assola boa parte do pa\u00eds, apontou nesta sexta-feira, o agr\u00f3nomo Pedro, do Instituto de Desenvolvimento Agr\u00e1rio (IDA) no Zaire. O especialista aconselhou igualmente os camponeses a cobrirem as culturas de milho e feij\u00e3o com capim e evitar [&hellip;]<\/p>\n","protected":false},"author":15,"featured_media":5874,"comment_status":"open","ping_status":"open","sticky":false,"template":"","format":"standard","meta":{"jnews-multi-image_gallery":[],"jnews_single_post":{"format":"standard"},"jnews_primary_category":[],"jnews_paywall_metabox":[],"jnews_override_counter":[],"jnews_podcast_option":[],"jnews_podcast_series":[],"footnotes":""},"categories":[58],"tags":[116,115,75,154,163,83],"jnews-series":[],"class_list":["post-5872","post","type-post","status-publish","format-standard","has-post-thumbnail","hentry","category-rural","tag-agricultura","tag-economia","tag-escolhahoje1","tag-escolha-hoje3","tag-escolha4","tag-maisrecentes"],"_links":{"self":[{"href":"https:\/\/negociosemexame.ao\/index.php\/wp-json\/wp\/v2\/posts\/5872","targetHints":{"allow":["GET"]}}],"collection":[{"href":"https:\/\/negociosemexame.ao\/index.php\/wp-json\/wp\/v2\/posts"}],"about":[{"href":"https:\/\/negociosemexame.ao\/index.php\/wp-json\/wp\/v2\/types\/post"}],"author":[{"embeddable":true,"href":"https:\/\/negociosemexame.ao\/index.php\/wp-json\/wp\/v2\/users\/15"}],"replies":[{"embeddable":true,"href":"https:\/\/negociosemexame.ao\/index.php\/wp-json\/wp\/v2\/comments?post=5872"}],"version-history":[{"count":1,"href":"https:\/\/negociosemexame.ao\/index.php\/wp-json\/wp\/v2\/posts\/5872\/revisions"}],"predecessor-version":[{"id":5873,"href":"https:\/\/negociosemexame.ao\/index.php\/wp-json\/wp\/v2\/posts\/5872\/revisions\/5873"}],"wp:featuredmedia":[{"embeddable":true,"href":"https:\/\/negociosemexame.ao\/index.php\/wp-json\/wp\/v2\/media\/5874"}],"wp:attachment":[{"href":"https:\/\/negociosemexame.ao\/index.php\/wp-json\/wp\/v2\/media?parent=5872"}],"wp:term":[{"taxonomy":"category","embeddable":true,"href":"https:\/\/negociosemexame.ao\/index.php\/wp-json\/wp\/v2\/categories?post=5872"},{"taxonomy":"post_tag","embeddable":true,"href":"https:\/\/negociosemexame.ao\/index.php\/wp-json\/wp\/v2\/tags?post=5872"},{"taxonomy":"jnews-series","embeddable":true,"href":"https:\/\/negociosemexame.ao\/index.php\/wp-json\/wp\/v2\/jnews-series?post=5872"}],"curies":[{"name":"wp","href":"https:\/\/api.w.org\/{rel}","templated":true}]}}