{"id":5864,"date":"2026-03-14T21:47:09","date_gmt":"2026-03-14T21:47:09","guid":{"rendered":"https:\/\/negociosemexame.ao\/?p=5864"},"modified":"2026-03-14T21:47:09","modified_gmt":"2026-03-14T21:47:09","slug":"angola-procura-captar-mais-investimentos-espanhol","status":"publish","type":"post","link":"https:\/\/negociosemexame.ao\/index.php\/2026\/03\/14\/angola-procura-captar-mais-investimentos-espanhol\/","title":{"rendered":"Angola procura captar mais investimentos espanhol"},"content":{"rendered":"\n<p>Angola reafirmou o seu compromisso com a diversifica\u00e7\u00e3o econ\u00f3mica e a capta\u00e7\u00e3o de investimento estrangeiro estrat\u00e9gico durante a sua participa\u00e7\u00e3o na 24\u00b0 edi\u00e7\u00e3o da IMEX Madrid, que encerrou na quinta-feira.<\/p>\n\n\n\n<p>O certame reuniu diversos paises, e serviu de plataforma para consolidar Angola como destino privilegiado para o investimento espanhol, atendendo \u00e0 profunda transforma\u00e7\u00e3o do ambiente de neg\u00f3cio em curso, segundo fontes da embaixada.<\/p>\n\n\n\n<p>Desde que Angola participou como pa\u00eds convidado, em 2022, na IMEX Madrid, a sua participa\u00e7\u00e3o tem sido estrat\u00e9gica, tendo aumentado a visibilidade com reflexo em novos investimento ib\u00e9ricos.<\/p>\n\n\n\n<p>Actualmente, estima-se que mais de 60 empresas espanholas operam de forma permanente no pa\u00eds, em sectores da constru\u00e7\u00e3o, agricultura, sa\u00fade e energia.<\/p>\n\n\n\n<p>A participa\u00e7\u00e3o nesta edi\u00e7\u00e3o foi marcada por duas interven\u00e7\u00f5es da embaixadora de Angola no Reino de Espanha, Balbina Malheiros Dias da Silva.<\/p>\n\n\n\n<p>Feiras<\/p>\n\n\n\n<p><\/p>\n","protected":false},"excerpt":{"rendered":"<p>Angola reafirmou o seu compromisso com a diversifica\u00e7\u00e3o econ\u00f3mica e a capta\u00e7\u00e3o de investimento estrangeiro estrat\u00e9gico durante a sua participa\u00e7\u00e3o na 24\u00b0 edi\u00e7\u00e3o da IMEX Madrid, que encerrou na quinta-feira. O certame reuniu diversos paises, e serviu de plataforma para consolidar Angola como destino privilegiado para o investimento espanhol, atendendo \u00e0 profunda transforma\u00e7\u00e3o do ambiente [&hellip;]<\/p>\n","protected":false},"author":13,"featured_media":5867,"comment_status":"open","ping_status":"open","sticky":false,"template":"","format":"standard","meta":{"jnews-multi-image_gallery":[],"jnews_single_post":[],"jnews_primary_category":[],"jnews_paywall_metabox":[],"jnews_override_counter":[],"jnews_podcast_option":[],"jnews_podcast_series":[],"footnotes":""},"categories":[56],"tags":[115,75,76,154,163,274,83],"jnews-series":[],"class_list":["post-5864","post","type-post","status-publish","format-standard","has-post-thumbnail","hentry","category-negocios","tag-economia","tag-escolhahoje1","tag-escolhahoje2","tag-escolha-hoje3","tag-escolha4","tag-feiras","tag-maisrecentes"],"_links":{"self":[{"href":"https:\/\/negociosemexame.ao\/index.php\/wp-json\/wp\/v2\/posts\/5864","targetHints":{"allow":["GET"]}}],"collection":[{"href":"https:\/\/negociosemexame.ao\/index.php\/wp-json\/wp\/v2\/posts"}],"about":[{"href":"https:\/\/negociosemexame.ao\/index.php\/wp-json\/wp\/v2\/types\/post"}],"author":[{"embeddable":true,"href":"https:\/\/negociosemexame.ao\/index.php\/wp-json\/wp\/v2\/users\/13"}],"replies":[{"embeddable":true,"href":"https:\/\/negociosemexame.ao\/index.php\/wp-json\/wp\/v2\/comments?post=5864"}],"version-history":[{"count":3,"href":"https:\/\/negociosemexame.ao\/index.php\/wp-json\/wp\/v2\/posts\/5864\/revisions"}],"predecessor-version":[{"id":5868,"href":"https:\/\/negociosemexame.ao\/index.php\/wp-json\/wp\/v2\/posts\/5864\/revisions\/5868"}],"wp:featuredmedia":[{"embeddable":true,"href":"https:\/\/negociosemexame.ao\/index.php\/wp-json\/wp\/v2\/media\/5867"}],"wp:attachment":[{"href":"https:\/\/negociosemexame.ao\/index.php\/wp-json\/wp\/v2\/media?parent=5864"}],"wp:term":[{"taxonomy":"category","embeddable":true,"href":"https:\/\/negociosemexame.ao\/index.php\/wp-json\/wp\/v2\/categories?post=5864"},{"taxonomy":"post_tag","embeddable":true,"href":"https:\/\/negociosemexame.ao\/index.php\/wp-json\/wp\/v2\/tags?post=5864"},{"taxonomy":"jnews-series","embeddable":true,"href":"https:\/\/negociosemexame.ao\/index.php\/wp-json\/wp\/v2\/jnews-series?post=5864"}],"curies":[{"name":"wp","href":"https:\/\/api.w.org\/{rel}","templated":true}]}}