{"id":5784,"date":"2026-03-09T22:19:39","date_gmt":"2026-03-09T22:19:39","guid":{"rendered":"https:\/\/negociosemexame.ao\/?p=5784"},"modified":"2026-03-09T22:25:01","modified_gmt":"2026-03-09T22:25:01","slug":"inaugurada-fabrica-de-oleo-alimentar-em-luanda","status":"publish","type":"post","link":"https:\/\/negociosemexame.ao\/index.php\/2026\/03\/09\/inaugurada-fabrica-de-oleo-alimentar-em-luanda\/","title":{"rendered":"Inaugurada f\u00e1brica de \u00f3leo alimentar em Luanda"},"content":{"rendered":"\n<p><br>Com capacidade para produzir 400 toneladas de \u00f3leo alimentar por dia, a f\u00e1brica &#8220;Refinole&#8221; localizada no munic\u00edpio do Hoji-ya-Henda, foi inaugurada nesta segunda-feira, em Luanda, pelo ministro de Estado para a Coordena\u00e7\u00e3o Econ\u00f3mica, Jos\u00e9 de Lima Massano.<\/p>\n\n\n<div class=\"wp-block-image\">\n<figure class=\"alignleft size-large is-resized\"><img fetchpriority=\"high\" decoding=\"async\" width=\"1024\" height=\"682\" src=\"https:\/\/negociosemexame.ao\/wp-content\/uploads\/2026\/03\/7cb8fa93-6557-464d-9274-2d1a2c7f5c19-1024x682.webp\" alt=\"\" class=\"wp-image-5790\" style=\"aspect-ratio:1.5014936247723134;width:406px;height:auto\" srcset=\"https:\/\/negociosemexame.ao\/wp-content\/uploads\/2026\/03\/7cb8fa93-6557-464d-9274-2d1a2c7f5c19-1024x682.webp 1024w, https:\/\/negociosemexame.ao\/wp-content\/uploads\/2026\/03\/7cb8fa93-6557-464d-9274-2d1a2c7f5c19-300x200.webp 300w, https:\/\/negociosemexame.ao\/wp-content\/uploads\/2026\/03\/7cb8fa93-6557-464d-9274-2d1a2c7f5c19-768x512.webp 768w, https:\/\/negociosemexame.ao\/wp-content\/uploads\/2026\/03\/7cb8fa93-6557-464d-9274-2d1a2c7f5c19-750x500.webp 750w, https:\/\/negociosemexame.ao\/wp-content\/uploads\/2026\/03\/7cb8fa93-6557-464d-9274-2d1a2c7f5c19-1140x760.webp 1140w, https:\/\/negociosemexame.ao\/wp-content\/uploads\/2026\/03\/7cb8fa93-6557-464d-9274-2d1a2c7f5c19.webp 1280w\" sizes=\"(max-width: 1024px) 100vw, 1024px\" \/><figcaption class=\"wp-element-caption\">Os ministros em visita guiada<\/figcaption><\/figure>\n<\/div>\n\n\n<p>&#8220;Mais unidades de produ\u00e7\u00e3o de bens alimentares v\u00e3o surgir no pa\u00eds, ainda este ano&#8221;, prometeu o governante.<\/p>\n\n\n\n<p>Para o ministro da Ind\u00fastria e Com\u00e9rcio, Rui Mingu\u00e9s, a concretiza\u00e7\u00e3o desta unidade industrial resulta de um investimento global avaliado em cerca de 90 milh\u00f5es de d\u00f3lares.<\/p>\n\n\n\n<p>Na sua vis\u00e3o, a aposta demonstra a confian\u00e7a do sector privado no potencial econ\u00f3mico de Angola e na estabilidade do ambiente de neg\u00f3cios que o pa\u00eds tem vindo a consolidar.<\/p>\n\n\n\n<p>Referiu que o surgimento destas unidades de bens e servi\u00e7os tem contribu\u00eddo para manter a estabilidade dos pre\u00e7os na economia nacional.<\/p>\n\n\n\n<p>&#8220;Como sabemos, a nossa infla\u00e7\u00e3o ainda \u00e9 fortemente influenciada pelos bens alimentares\u201d, disse, sublinhando que o aumento da produ\u00e7\u00e3o nacional de alimentos e a maior autonomia neste sector poder\u00e3o contribuir para a estabiliza\u00e7\u00e3o dos pre\u00e7os&#8221;.<\/p>\n\n\n\n<p><\/p>\n","protected":false},"excerpt":{"rendered":"<p>Com capacidade para produzir 400 toneladas de \u00f3leo alimentar por dia, a f\u00e1brica &#8220;Refinole&#8221; localizada no munic\u00edpio do Hoji-ya-Henda, foi inaugurada nesta segunda-feira, em Luanda, pelo ministro de Estado para a Coordena\u00e7\u00e3o Econ\u00f3mica, Jos\u00e9 de Lima Massano. &#8220;Mais unidades de produ\u00e7\u00e3o de bens alimentares v\u00e3o surgir no pa\u00eds, ainda este ano&#8221;, prometeu o governante. Para [&hellip;]<\/p>\n","protected":false},"author":13,"featured_media":5786,"comment_status":"open","ping_status":"open","sticky":false,"template":"","format":"standard","meta":{"jnews-multi-image_gallery":[],"jnews_single_post":{"format":"standard"},"jnews_primary_category":[],"jnews_paywall_metabox":[],"jnews_override_counter":[],"jnews_podcast_option":[],"jnews_podcast_series":[],"footnotes":""},"categories":[56],"tags":[115,75,76,173,83],"jnews-series":[],"class_list":["post-5784","post","type-post","status-publish","format-standard","has-post-thumbnail","hentry","category-negocios","tag-economia","tag-escolhahoje1","tag-escolhahoje2","tag-industria","tag-maisrecentes"],"_links":{"self":[{"href":"https:\/\/negociosemexame.ao\/index.php\/wp-json\/wp\/v2\/posts\/5784","targetHints":{"allow":["GET"]}}],"collection":[{"href":"https:\/\/negociosemexame.ao\/index.php\/wp-json\/wp\/v2\/posts"}],"about":[{"href":"https:\/\/negociosemexame.ao\/index.php\/wp-json\/wp\/v2\/types\/post"}],"author":[{"embeddable":true,"href":"https:\/\/negociosemexame.ao\/index.php\/wp-json\/wp\/v2\/users\/13"}],"replies":[{"embeddable":true,"href":"https:\/\/negociosemexame.ao\/index.php\/wp-json\/wp\/v2\/comments?post=5784"}],"version-history":[{"count":4,"href":"https:\/\/negociosemexame.ao\/index.php\/wp-json\/wp\/v2\/posts\/5784\/revisions"}],"predecessor-version":[{"id":5791,"href":"https:\/\/negociosemexame.ao\/index.php\/wp-json\/wp\/v2\/posts\/5784\/revisions\/5791"}],"wp:featuredmedia":[{"embeddable":true,"href":"https:\/\/negociosemexame.ao\/index.php\/wp-json\/wp\/v2\/media\/5786"}],"wp:attachment":[{"href":"https:\/\/negociosemexame.ao\/index.php\/wp-json\/wp\/v2\/media?parent=5784"}],"wp:term":[{"taxonomy":"category","embeddable":true,"href":"https:\/\/negociosemexame.ao\/index.php\/wp-json\/wp\/v2\/categories?post=5784"},{"taxonomy":"post_tag","embeddable":true,"href":"https:\/\/negociosemexame.ao\/index.php\/wp-json\/wp\/v2\/tags?post=5784"},{"taxonomy":"jnews-series","embeddable":true,"href":"https:\/\/negociosemexame.ao\/index.php\/wp-json\/wp\/v2\/jnews-series?post=5784"}],"curies":[{"name":"wp","href":"https:\/\/api.w.org\/{rel}","templated":true}]}}