{"id":4314,"date":"2026-01-08T17:13:39","date_gmt":"2026-01-08T17:13:39","guid":{"rendered":"https:\/\/negociosemexame.ao\/?p=4314"},"modified":"2026-01-09T10:03:25","modified_gmt":"2026-01-09T10:03:25","slug":"selassie-sai-do-cargo-de-director-do-fmi-para-africa","status":"publish","type":"post","link":"https:\/\/negociosemexame.ao\/index.php\/2026\/01\/08\/selassie-sai-do-cargo-de-director-do-fmi-para-africa\/","title":{"rendered":"Selassie sai do cargo de director do FMI para \u00c1frica"},"content":{"rendered":"\n<p>A directora-geral do Fundo Monet\u00e1rio Internacional (FMI), Kristalina Georgieva, anunciou, quarta-feira, em Washington, que o et\u00edope Abebe Aemro Selassie pretende aposentar-se do cargo de director do Departamento Africano (AFR) no dia 1 de Maio deste ano.<\/p>\n\n\n\n<p>Para a directora-geral do FMI, Abebe Selassie, enquanto director do AFR desde 2016, conduziu o departamento por um per\u00edodo de profundas mudan\u00e7as e desafios. \u201cAbebe supervisionou o engajamento do Fundo com 45 pa\u00edses da \u00c1frica Subsaariana, respondendo \u00e0 crescente demanda por programas e, ao mesmo tempo, adaptando-se \u00e0s necessidades em constante evolu\u00e7\u00e3o da regi\u00e3o durante o per\u00edodo da Covid-19 e a \u00e9poca subsequente de alta infla\u00e7\u00e3o at\u00e9 \u00e0s grandes mudan\u00e7as nas pol\u00edticas comerciais globais\u201d, disse.<\/p>\n\n\n<div class=\"wp-block-image\">\n<figure class=\"alignleft size-full is-resized\"><img fetchpriority=\"high\" decoding=\"async\" width=\"275\" height=\"183\" src=\"https:\/\/negociosemexame.ao\/wp-content\/uploads\/2026\/01\/IMG_0077.webp\" alt=\"Abebe Selassi\u00e9 e Kristina Georgieva\" class=\"wp-image-4316\" style=\"width:383px;height:auto\"\/><figcaption class=\"wp-element-caption\">Abebe Selassie, director do FMI para \u00c1frica e Kristalina Georgieva, directora-geral do FMI<\/figcaption><\/figure>\n<\/div>\n\n\n<p>O economista et\u00edope \u00e0 frente do Departamento Africano ajudou a refor\u00e7ar o papel do Fundo como um parceiro confi\u00e1vel para os pa\u00edses africanos membros do FMI.<\/p>\n\n\n\n<p>Durante o seu mandato, o Fundo tamb\u00e9m adicionou um 25.\u00ba membro ao seu Conselho Executivo, aumentando a representatividade da \u00c1frica Subsaariana.<\/p>\n\n\n\n<p>Abebe Aemro defendeu a assessoria pol\u00edtica personalizada e o desenvolvimento de capacidades para a \u00c1frica Subsaariana, aprofundou o engajamento em pa\u00edses-chave e ajudou a implementar recursos adicionais para apoiar Estados fr\u00e1geis e afectados por conflitos.<\/p>\n\n\n\n<p>O et\u00edope tamb\u00e9m modernizou as opera\u00e7\u00f5es do Fundo para a \u00c1frica Subsaariana (AFR), fortaleceu a colabora\u00e7\u00e3o entre os departamentos em quest\u00f5es cr\u00edticas como a resolu\u00e7\u00e3o da d\u00edvida, o financiamento do Programa de Recupera\u00e7\u00e3o e Resili\u00eancia (PRGT) e a resili\u00eancia a choques, e ajudou a direccionar a evolu\u00e7\u00e3o da oferta de desenvolvimento de capacidades para a regi\u00e3o.<\/p>\n\n\n\n<p>A sua vis\u00e3o estrat\u00e9gica e talento para a diplomacia deixaram uma marca indel\u00e9vel no Fundo.<\/p>\n\n\n\n<p><\/p>\n","protected":false},"excerpt":{"rendered":"<p>A directora-geral do Fundo Monet\u00e1rio Internacional (FMI), Kristalina Georgieva, anunciou, quarta-feira, em Washington, que o et\u00edope Abebe Aemro Selassie pretende aposentar-se do cargo de director do Departamento Africano (AFR) no dia 1 de Maio deste ano. Para a directora-geral do FMI, Abebe Selassie, enquanto director do AFR desde 2016, conduziu o departamento por um per\u00edodo [&hellip;]<\/p>\n","protected":false},"author":13,"featured_media":4317,"comment_status":"open","ping_status":"open","sticky":false,"template":"","format":"standard","meta":{"jnews-multi-image_gallery":[],"jnews_single_post":{"format":"standard"},"jnews_primary_category":[],"jnews_paywall_metabox":[],"jnews_override_counter":[],"jnews_podcast_option":[],"jnews_podcast_series":[],"footnotes":""},"categories":[144,60],"tags":[204,115,76,131,83],"jnews-series":[],"class_list":["post-4314","post","type-post","status-publish","format-standard","has-post-thumbnail","hentry","category-financas","category-mundo","tag-africa-2","tag-economia","tag-escolhahoje2","tag-especial","tag-maisrecentes"],"_links":{"self":[{"href":"https:\/\/negociosemexame.ao\/index.php\/wp-json\/wp\/v2\/posts\/4314","targetHints":{"allow":["GET"]}}],"collection":[{"href":"https:\/\/negociosemexame.ao\/index.php\/wp-json\/wp\/v2\/posts"}],"about":[{"href":"https:\/\/negociosemexame.ao\/index.php\/wp-json\/wp\/v2\/types\/post"}],"author":[{"embeddable":true,"href":"https:\/\/negociosemexame.ao\/index.php\/wp-json\/wp\/v2\/users\/13"}],"replies":[{"embeddable":true,"href":"https:\/\/negociosemexame.ao\/index.php\/wp-json\/wp\/v2\/comments?post=4314"}],"version-history":[{"count":3,"href":"https:\/\/negociosemexame.ao\/index.php\/wp-json\/wp\/v2\/posts\/4314\/revisions"}],"predecessor-version":[{"id":4321,"href":"https:\/\/negociosemexame.ao\/index.php\/wp-json\/wp\/v2\/posts\/4314\/revisions\/4321"}],"wp:featuredmedia":[{"embeddable":true,"href":"https:\/\/negociosemexame.ao\/index.php\/wp-json\/wp\/v2\/media\/4317"}],"wp:attachment":[{"href":"https:\/\/negociosemexame.ao\/index.php\/wp-json\/wp\/v2\/media?parent=4314"}],"wp:term":[{"taxonomy":"category","embeddable":true,"href":"https:\/\/negociosemexame.ao\/index.php\/wp-json\/wp\/v2\/categories?post=4314"},{"taxonomy":"post_tag","embeddable":true,"href":"https:\/\/negociosemexame.ao\/index.php\/wp-json\/wp\/v2\/tags?post=4314"},{"taxonomy":"jnews-series","embeddable":true,"href":"https:\/\/negociosemexame.ao\/index.php\/wp-json\/wp\/v2\/jnews-series?post=4314"}],"curies":[{"name":"wp","href":"https:\/\/api.w.org\/{rel}","templated":true}]}}