{"id":4301,"date":"2026-01-08T12:52:51","date_gmt":"2026-01-08T12:52:51","guid":{"rendered":"https:\/\/negociosemexame.ao\/?p=4301"},"modified":"2026-01-08T12:52:51","modified_gmt":"2026-01-08T12:52:51","slug":"tribunal-decide-a-favor-da-integracao-da-cidade-do-seculona-zee","status":"publish","type":"post","link":"https:\/\/negociosemexame.ao\/index.php\/2026\/01\/08\/tribunal-decide-a-favor-da-integracao-da-cidade-do-seculona-zee\/","title":{"rendered":"Tribunal decide a favor da integra\u00e7\u00e3o da \u201cCidade do S\u00e9culo\u201dna ZEE"},"content":{"rendered":"\n<p>A direc\u00e7\u00e3o da Zona Econ\u00f3mica Especial (ZEE) desmentiu, ter\u00e7a-feira, em comunicado de imprensa, as alega\u00e7\u00f5es segundo as quais o projecto imobili\u00e1rio &#8220;Cidade do S\u00e9culo&#8221; se encontrava paralisado como resultado de um diferendo judicial, contrariando as informa\u00e7\u00f5es postas a circular.<\/p>\n\n\n\n<p>&#8220;A administra\u00e7\u00e3o da ZEE explica que o projecto integra oficialmente o per\u00edmetro sob sua gest\u00e3o, encontrando-se devidamente aprovado e autorizado para implementa\u00e7\u00e3o&#8221;, l\u00ea-se no comunicado.<\/p>\n\n\n\n<p>O comunicado cita a entidade gestora, segundo a qual &#8220;a interrup\u00e7\u00e3o tempor\u00e1ria das obras ocorreu na sequ\u00eancia de uma ac\u00e7\u00e3o judicial movida por terceiros sem qualquer v\u00ednculo com a ZEE&#8221;, que tinha resultado num embargo tempor\u00e1rio.<\/p>\n\n\n\n<p>\u201cO tribunal considerou improcedente a dilig\u00eancia ap\u00f3s recurso interposto, decis\u00e3o que permitiu a retoma normal das obras\u201d, e destaca a legitimidade jur\u00eddica, viabilidade econ\u00f3mica e enquadramento estrat\u00e9gico e na empregabilidade.<\/p>\n\n\n\n<p><\/p>\n","protected":false},"excerpt":{"rendered":"<p>A direc\u00e7\u00e3o da Zona Econ\u00f3mica Especial (ZEE) desmentiu, ter\u00e7a-feira, em comunicado de imprensa, as alega\u00e7\u00f5es segundo as quais o projecto imobili\u00e1rio &#8220;Cidade do S\u00e9culo&#8221; se encontrava paralisado como resultado de um diferendo judicial, contrariando as informa\u00e7\u00f5es postas a circular. &#8220;A administra\u00e7\u00e3o da ZEE explica que o projecto integra oficialmente o per\u00edmetro sob sua gest\u00e3o, encontrando-se [&hellip;]<\/p>\n","protected":false},"author":13,"featured_media":4303,"comment_status":"open","ping_status":"open","sticky":false,"template":"","format":"standard","meta":{"jnews-multi-image_gallery":[],"jnews_single_post":{"format":"standard"},"jnews_primary_category":[],"jnews_paywall_metabox":[],"jnews_override_counter":[],"jnews_podcast_option":[],"jnews_podcast_series":[],"footnotes":""},"categories":[56],"tags":[115,154,117],"jnews-series":[],"class_list":["post-4301","post","type-post","status-publish","format-standard","has-post-thumbnail","hentry","category-negocios","tag-economia","tag-escolha-hoje3","tag-urbanismo"],"_links":{"self":[{"href":"https:\/\/negociosemexame.ao\/index.php\/wp-json\/wp\/v2\/posts\/4301","targetHints":{"allow":["GET"]}}],"collection":[{"href":"https:\/\/negociosemexame.ao\/index.php\/wp-json\/wp\/v2\/posts"}],"about":[{"href":"https:\/\/negociosemexame.ao\/index.php\/wp-json\/wp\/v2\/types\/post"}],"author":[{"embeddable":true,"href":"https:\/\/negociosemexame.ao\/index.php\/wp-json\/wp\/v2\/users\/13"}],"replies":[{"embeddable":true,"href":"https:\/\/negociosemexame.ao\/index.php\/wp-json\/wp\/v2\/comments?post=4301"}],"version-history":[{"count":1,"href":"https:\/\/negociosemexame.ao\/index.php\/wp-json\/wp\/v2\/posts\/4301\/revisions"}],"predecessor-version":[{"id":4302,"href":"https:\/\/negociosemexame.ao\/index.php\/wp-json\/wp\/v2\/posts\/4301\/revisions\/4302"}],"wp:featuredmedia":[{"embeddable":true,"href":"https:\/\/negociosemexame.ao\/index.php\/wp-json\/wp\/v2\/media\/4303"}],"wp:attachment":[{"href":"https:\/\/negociosemexame.ao\/index.php\/wp-json\/wp\/v2\/media?parent=4301"}],"wp:term":[{"taxonomy":"category","embeddable":true,"href":"https:\/\/negociosemexame.ao\/index.php\/wp-json\/wp\/v2\/categories?post=4301"},{"taxonomy":"post_tag","embeddable":true,"href":"https:\/\/negociosemexame.ao\/index.php\/wp-json\/wp\/v2\/tags?post=4301"},{"taxonomy":"jnews-series","embeddable":true,"href":"https:\/\/negociosemexame.ao\/index.php\/wp-json\/wp\/v2\/jnews-series?post=4301"}],"curies":[{"name":"wp","href":"https:\/\/api.w.org\/{rel}","templated":true}]}}