{"id":4089,"date":"2025-12-30T14:10:56","date_gmt":"2025-12-30T14:10:56","guid":{"rendered":"https:\/\/negociosemexame.ao\/?p=4089"},"modified":"2025-12-31T07:15:36","modified_gmt":"2025-12-31T07:15:36","slug":"vera-daves-afirma-que-2025-foi-desafiante","status":"publish","type":"post","link":"https:\/\/negociosemexame.ao\/index.php\/2025\/12\/30\/vera-daves-afirma-que-2025-foi-desafiante\/","title":{"rendered":"Vera Daves afirma que 2025 foi desafiante"},"content":{"rendered":"\n<p><\/p>\n\n\n\n<p>A ministra das Finan\u00e7as, Vera Daves, reconheceu durante a cerim\u00f3nia de cumprimentos de fim de ano, que 2025 foi desafiante, devido \u00e0 reduzida arrecada\u00e7\u00e3o de receitas, segundo a previs\u00e3o do Or\u00e7amento Geral do Estado (OGE), o que condicionou a execu\u00e7\u00e3o de algumas despesas no tempo desejado.<\/p>\n\n\n\n<p>Segundo a governante, o Minist\u00e9rio das Finan\u00e7as est\u00e1 a refor\u00e7ar a organiza\u00e7\u00e3o e o planeamento para que 2026 apresente melhores resultados, tanto ao n\u00edvel da gest\u00e3o da despesa como da mobiliza\u00e7\u00e3o de receitas.<\/p>\n\n\n\n<p>\u201cVamos continuar a trabalhar com todos os gestores p\u00fablicos para garantir que a despesa tenha a melhor qualidade poss\u00edvel, de modo que o esfor\u00e7o de arrecada\u00e7\u00e3o compense\u201d, afirmou.<\/p>\n\n\n\n<p>Sublinhou ainda a necessidade de assegurar uma receita mais est\u00e1vel e fluida, permitindo ao Estado honrar os seus compromissos dentro de um prazo razo\u00e1vel e evitar constrangimentos com entidades que mant\u00eam rela\u00e7\u00f5es financeiras com a administra\u00e7\u00e3o p\u00fablica.<\/p>\n\n\n\n<p>Vera Daves manifestou confian\u00e7a no futuro, destacando a import\u00e2ncia do esfor\u00e7o conjunto entre o Estado, as empresas e as fam\u00edlias para enfrentar as dificuldades e promover um desenvolvimento inclusivo.<\/p>\n\n\n\n<p>\u201cOs desafios existir\u00e3o, mas juntos saberemos como ultrapass\u00e1-los e continuar a trabalhar para uma Na\u00e7\u00e3o que seja motivo de orgulho para todos\u201d, concluiu.<\/p>\n\n\n\n<p><\/p>\n","protected":false},"excerpt":{"rendered":"<p>A ministra das Finan\u00e7as, Vera Daves, reconheceu durante a cerim\u00f3nia de cumprimentos de fim de ano, que 2025 foi desafiante, devido \u00e0 reduzida arrecada\u00e7\u00e3o de receitas, segundo a previs\u00e3o do Or\u00e7amento Geral do Estado (OGE), o que condicionou a execu\u00e7\u00e3o de algumas despesas no tempo desejado. Segundo a governante, o Minist\u00e9rio das Finan\u00e7as est\u00e1 a [&hellip;]<\/p>\n","protected":false},"author":13,"featured_media":4093,"comment_status":"open","ping_status":"open","sticky":false,"template":"","format":"standard","meta":{"jnews-multi-image_gallery":[],"jnews_single_post":{"format":"standard"},"jnews_primary_category":[],"jnews_paywall_metabox":[],"jnews_override_counter":[],"jnews_podcast_option":[],"jnews_podcast_series":[],"footnotes":""},"categories":[57,144],"tags":[115,187,145,83],"jnews-series":[],"class_list":["post-4089","post","type-post","status-publish","format-standard","has-post-thumbnail","hentry","category-economia","category-financas","tag-economia","tag-escolha2","tag-financas","tag-maisrecentes"],"_links":{"self":[{"href":"https:\/\/negociosemexame.ao\/index.php\/wp-json\/wp\/v2\/posts\/4089","targetHints":{"allow":["GET"]}}],"collection":[{"href":"https:\/\/negociosemexame.ao\/index.php\/wp-json\/wp\/v2\/posts"}],"about":[{"href":"https:\/\/negociosemexame.ao\/index.php\/wp-json\/wp\/v2\/types\/post"}],"author":[{"embeddable":true,"href":"https:\/\/negociosemexame.ao\/index.php\/wp-json\/wp\/v2\/users\/13"}],"replies":[{"embeddable":true,"href":"https:\/\/negociosemexame.ao\/index.php\/wp-json\/wp\/v2\/comments?post=4089"}],"version-history":[{"count":3,"href":"https:\/\/negociosemexame.ao\/index.php\/wp-json\/wp\/v2\/posts\/4089\/revisions"}],"predecessor-version":[{"id":4662,"href":"https:\/\/negociosemexame.ao\/index.php\/wp-json\/wp\/v2\/posts\/4089\/revisions\/4662"}],"wp:featuredmedia":[{"embeddable":true,"href":"https:\/\/negociosemexame.ao\/index.php\/wp-json\/wp\/v2\/media\/4093"}],"wp:attachment":[{"href":"https:\/\/negociosemexame.ao\/index.php\/wp-json\/wp\/v2\/media?parent=4089"}],"wp:term":[{"taxonomy":"category","embeddable":true,"href":"https:\/\/negociosemexame.ao\/index.php\/wp-json\/wp\/v2\/categories?post=4089"},{"taxonomy":"post_tag","embeddable":true,"href":"https:\/\/negociosemexame.ao\/index.php\/wp-json\/wp\/v2\/tags?post=4089"},{"taxonomy":"jnews-series","embeddable":true,"href":"https:\/\/negociosemexame.ao\/index.php\/wp-json\/wp\/v2\/jnews-series?post=4089"}],"curies":[{"name":"wp","href":"https:\/\/api.w.org\/{rel}","templated":true}]}}